{"id":326,"date":"2015-12-13T19:42:38","date_gmt":"2015-12-13T18:42:38","guid":{"rendered":"http:\/\/www.divertimundo.es\/elrinconcito\/?p=326"},"modified":"2015-12-13T20:15:55","modified_gmt":"2015-12-13T19:15:55","slug":"pacientes-de-fibromialgia-mejoran-su-salud-en-la-residencia-porta-do-camino","status":"publish","type":"post","link":"http:\/\/www.divertimundo.es\/elrinconcito\/pacientes-de-fibromialgia-mejoran-su-salud-en-la-residencia-porta-do-camino\/","title":{"rendered":"Pacientes de fibromialgia mejoran su salud en la residencia Porta do Cami\u00f1o"},"content":{"rendered":"<p><strong><span class=\"authors\">SANTIAGO LA VOZ\u00a0<\/span><span class=\"time\">10 de diciembre de 2015<\/span><\/strong><\/p>\n<p>El lunes finaliza en la <strong>residencia Porta do Cami\u00f1o<\/strong> un <strong>taller<\/strong> sobre ejercicios terap\u00e9uticos, baile en l\u00ednea y sofrolog\u00eda, orientado para mejorar la salud de pacientes de fibromialgia. Las sesiones comenzaron en septiembre. Se celebran los lunes y mi\u00e9rcoles. <strong>Tienen como objetivo<\/strong> activar la circulaci\u00f3n, agilizar la movilidad y la memoria, fortalecer la musculatura, y ayudar a reducir las contracturas, la rigidez muscular, el dolor, la fatiga, la glucosa, el colesterol y el sobrepeso. <strong>Se pretende<\/strong> as\u00ed favorecer un sue\u00f1o m\u00e1s reparador para quienes asisten, afirma Dolores Berm\u00fadez, presidenta de la Asociaci\u00f3n Galega de <span lang=\"gl\">Fibromialxia<\/span> (Agafi), que promueve esta actividad.<\/p>\n<p>Las sesiones se prev\u00e9n reanudar en enero. Berm\u00fadez conf\u00eda que especialistas m\u00e9dicos y de psicolog\u00eda contribuyan a evaluar c\u00f3mo influye la asistencia a este taller en la mejora de la salud de las personas que lo realizan.<\/p>\n<p><strong>Agafi<\/strong> se fund\u00f3 en Santiago en el a\u00f1o 2000. En estos a\u00f1os ha contactado con administraciones, grupos pol\u00edticos, profesionales de la salud y de otros \u00e1mbitos, para buscar una mejor calidad asistencial que incremente la calidad de vida de las personas con fibromialgia, en Santiago y en otras localidades gallegas.<\/p>\n<p><a href=\"http:\/\/www.lavozdegalicia.es\/noticia\/santiago\/santiago\/2015\/12\/10\/pacientes-fibromialgia-mejoran-salud-residencia-porta-do-camino\/0003_201512S10C5991.htm\" target=\"_blank\">La Voz de Galicia<\/a><\/p>\n","protected":false},"excerpt":{"rendered":"<p>SANTIAGO LA VOZ\u00a010 de diciembre de 2015 El lunes finaliza en la residencia Porta do Cami\u00f1o un taller sobre ejercicios terap\u00e9uticos, baile en l\u00ednea y sofrolog\u00eda, orientado para mejorar la salud de pacientes de fibromialgia. Las sesiones comenzaron en septiembre. &hellip; <a href=\"http:\/\/www.divertimundo.es\/elrinconcito\/pacientes-de-fibromialgia-mejoran-su-salud-en-la-residencia-porta-do-camino\/\">Sigue leyendo <span class=\"meta-nav\">&rarr;<\/span><\/a><\/p>\n","protected":false},"author":1,"featured_media":0,"comment_status":"open","ping_status":"open","sticky":false,"template":"","format":"standard","meta":[],"categories":[101],"tags":[369,381,370,366,380,365,378,375,379,48,372,376,377,371,374,373,363,364,367,368],"_links":{"self":[{"href":"http:\/\/www.divertimundo.es\/elrinconcito\/wp-json\/wp\/v2\/posts\/326"}],"collection":[{"href":"http:\/\/www.divertimundo.es\/elrinconcito\/wp-json\/wp\/v2\/posts"}],"about":[{"href":"http:\/\/www.divertimundo.es\/elrinconcito\/wp-json\/wp\/v2\/types\/post"}],"author":[{"embeddable":true,"href":"http:\/\/www.divertimundo.es\/elrinconcito\/wp-json\/wp\/v2\/users\/1"}],"replies":[{"embeddable":true,"href":"http:\/\/www.divertimundo.es\/elrinconcito\/wp-json\/wp\/v2\/comments?post=326"}],"version-history":[{"count":1,"href":"http:\/\/www.divertimundo.es\/elrinconcito\/wp-json\/wp\/v2\/posts\/326\/revisions"}],"predecessor-version":[{"id":327,"href":"http:\/\/www.divertimundo.es\/elrinconcito\/wp-json\/wp\/v2\/posts\/326\/revisions\/327"}],"wp:attachment":[{"href":"http:\/\/www.divertimundo.es\/elrinconcito\/wp-json\/wp\/v2\/media?parent=326"}],"wp:term":[{"taxonomy":"category","embeddable":true,"href":"http:\/\/www.divertimundo.es\/elrinconcito\/wp-json\/wp\/v2\/categories?post=326"},{"taxonomy":"post_tag","embeddable":true,"href":"http:\/\/www.divertimundo.es\/elrinconcito\/wp-json\/wp\/v2\/tags?post=326"}],"curies":[{"name":"wp","href":"https:\/\/api.w.org\/{rel}","templated":true}]}}