{"id":399,"date":"2016-03-13T21:55:35","date_gmt":"2016-03-13T20:55:35","guid":{"rendered":"http:\/\/www.divertimundo.es\/elrinconcito\/?p=399"},"modified":"2016-03-13T21:55:35","modified_gmt":"2016-03-13T20:55:35","slug":"los-enfermos-con-el-sindrome-de-fatiga-cronica-no-son-marcianos","status":"publish","type":"post","link":"http:\/\/www.divertimundo.es\/elrinconcito\/los-enfermos-con-el-sindrome-de-fatiga-cronica-no-son-marcianos\/","title":{"rendered":"\u201cLos enfermos con el S\u00edndrome de F\u00e1tiga Cr\u00f3nica no son marcianos\u201d"},"content":{"rendered":"<p><a href=\"http:\/\/www.divertimundo.es\/elrinconcito\/wp-content\/uploads\/2016\/03\/Los-enfermos-con-el-S\u00edndrom.jpg\" rel=\"attachment wp-att-400\"><img decoding=\"async\" loading=\"lazy\" class=\"aligncenter size-full wp-image-400\" src=\"http:\/\/www.divertimundo.es\/elrinconcito\/wp-content\/uploads\/2016\/03\/Los-enfermos-con-el-S\u00edndrom.jpg\" alt=\"\u201cLos enfermos con el S\u00edndrome de F\u00e1tiga Cr\u00f3nica no son marcianos\u201d\" width=\"700\" height=\"394\" srcset=\"http:\/\/www.divertimundo.es\/elrinconcito\/wp-content\/uploads\/2016\/03\/Los-enfermos-con-el-S\u00edndrom.jpg 700w, http:\/\/www.divertimundo.es\/elrinconcito\/wp-content\/uploads\/2016\/03\/Los-enfermos-con-el-S\u00edndrom-300x169.jpg 300w, http:\/\/www.divertimundo.es\/elrinconcito\/wp-content\/uploads\/2016\/03\/Los-enfermos-con-el-S\u00edndrom-500x281.jpg 500w\" sizes=\"(max-width: 700px) 100vw, 700px\" \/><\/a>Las <a href=\"https:\/\/fibromialgiamelilla.wordpress.com\/2014\/09\/23\/que-son-las-enfermedades-de-sensibilizacion-central\/\" target=\"_blank\">enfermedades de sensibilizaci\u00f3n central<\/a> engloban la<strong> <a href=\"http:\/\/www.niams.nih.gov\/portal_en_espanol\/Informacion_de_salud\/Fibromialgia\/default.asp\" target=\"_blank\">Fibromialgia<\/a><\/strong>, el <strong><a href=\"https:\/\/www.nlm.nih.gov\/medlineplus\/spanish\/ency\/article\/001244.htm\" target=\"_blank\">S\u00edndrome de Fatiga Cr\u00f3nica<\/a><\/strong>, el <strong><a href=\"http:\/\/www.abc.es\/sociedad\/20140926\/abci-sensibilidad-quimica-multiple-espana-201409251724.html\" target=\"_blank\">Sensibilidad Qu\u00edmica M\u00faltiple<\/a><\/strong> y la <strong><a href=\"http:\/\/www.electrosensibilidad.es\/\" target=\"_blank\">Electro sensibilidad<\/a><\/strong>. Todas ellas son patolog\u00edas de car\u00e1cter cr\u00f3nico, multisist\u00e9micas e incapacitantes para las que solamente existen tratamientos paliativos y que no tienen causas previas que las justifiquen. <strong>Ana Mar\u00eda Garc\u00eda Quintana<\/strong>\u00a0es doctora pionera en S\u00edndrome de Fatiga Cr\u00f3nica. En sus casi <strong>20 a\u00f1os de experiencia<\/strong>\u00a0ha sido consciente de lo dif\u00edcil que les resulta a estos pacientes conseguir un diagn\u00f3stico. \u00a0<!--more--><\/p>\n<p><strong>Pregunta: \u00bfPor qu\u00e9 decidi\u00f3 especializarse en este tipo de enfermedades? \u00bfFue por vocaci\u00f3n?<\/strong><\/p>\n<p><strong>Respuesta:<\/strong> S\u00ed, claro. Todo en medicina es vocacional. Cuando empec\u00e9 a ver a estos enfermos estaba haciendo la tesis del sida y uno de los s\u00edntomas que ten\u00edan era el cansancio. Fue entonces cuando empezamos a ver que hab\u00eda un grupo de enfermos que ten\u00edan un cansancio extremo y, como yo soy as\u00ed (r\u00ede), me empec\u00e9 a interesar por este grupo de pacientes hasta el punto en el que pr\u00e1cticamente mi actividad se centra en ellos. Poco a poco ese inter\u00e9s cient\u00edfico pas\u00f3 a un inter\u00e9s personal.<\/p>\n<blockquote><p>\u201cSi los m\u00e9dicos en el pasado no se hubiesen cre\u00eddo lo que no ve\u00edan seguir\u00edamos en la edad de piedra\u201d<\/p><\/blockquote>\n<p><strong>P: \u00bfSe acuerda de su primera consulta?<\/strong><\/p>\n<p><strong>R:<\/strong> De las primeras s\u00ed aunque ya hace casi 20 a\u00f1os. Eran enfermos que llevaban dando vueltas mucho tiempo. Recuerdo una paciente que llevaba 20 a\u00f1os de m\u00e9dico en m\u00e9dico. Tambi\u00e9n recuerdo otra que ven\u00eda de Andaluc\u00eda y que a media entrevista se puso a llorar emocionada y<strong> me dijo que era el primer m\u00e9dico que no la miraba con cara de \u201c\u00e9sta es una marciana, est\u00e1 loca\u201d<\/strong>.<\/p>\n<p><strong>P: Hoy en d\u00eda hay m\u00e9dicos que todav\u00eda desconocen estas enfermedades. \u00bfQu\u00e9 le sugiere?<\/strong><\/p>\n<p><strong>R:<\/strong> Me dan un poquito de pena porque hoy por hoy si la desconocen es porque dicen que no se la creen. <strong>Si los m\u00e9dicos en el pasado no se hubiesen cre\u00eddo lo que no ve\u00edan seguir\u00edamos en la edad de piedra<\/strong>. El m\u00e9dico tiene que ser curioso, tiene que basar su profesi\u00f3n en la historia cl\u00ednica y en lo que dice el enfermo, sobre todo cuando est\u00e1 en los libros de texto y la OMS lo tiene recogido como enfermedad. \u00bfQu\u00e9 es eso de yo no me lo creo? \u00bfQu\u00e9 pena no? \u00bfQu\u00e9 pasa que se han vuelto locos en la <a href=\"http:\/\/www.who.int\/es\/\" target=\"_blank\">Organizaci\u00f3n Mundial de la Salud<\/a>?<\/p>\n<p><strong>P: Usted pasa mucho tiempo con enfermos de SFC. \u00bfC\u00f3mo son? \u00bfC\u00f3mo llevan la enfermedad?<\/strong><\/p>\n<p><strong>R:<\/strong> Son como cualquier enfermo eso para empezar, <strong>no son \u201cenfermos marcianos\u201d<\/strong>. Son enfermos que tienen una enfermedad, una enfermedad que durante mucho tiempo ha tenido una lacra social en el sentido de que nadie les cree y eso trae consigo una repercusi\u00f3n emocional. Durante mucho tiempo les han tratado como pacientes psiqui\u00e1tricos. Mi experiencia con ellos dice que son muy agradecidos, porque hasta ahora a muchos no les han hecho caso en otros sitios. Son disciplinados. Si los enfermos siguen viniendo a mi consulta es por algo.<\/p>\n<blockquote><p>\u201cEs una enfermedad que pone a prueba la familia, el amor, la sociedad y la pareja\u201d<\/p><\/blockquote>\n<p><strong>P: Te implicas mucho. \u00bfEsta implicaci\u00f3n ha hecho que atraviese la barrera profesional?<\/strong><\/p>\n<p>R: Llevo de m\u00e9dico m\u00e1s de 30 a\u00f1os y para ser un buen m\u00e9dico no puedes perder la humanidad, pero tienes que saber ser el m\u00e9dico. <strong>Esto es como ser padre: tienes que tener una buena relaci\u00f3n con tus hijos pero tienes que ser su padre. <\/strong>Eso no quiere decir que no me implique. Hoy por hoy el cien por cien de mi actividad se dedica a ellos y les dedico el cien por cien de mi tiempo.<\/p>\n<p><strong>P: \u00bfAlguna experiencia personal, algo que le hayan aportado?<\/strong><\/p>\n<p><strong>R:<\/strong> Muchas cosas. El m\u00e9dico que no se deja aportar por sus pacientes no es un buen m\u00e9dico porque son personas y las personas siempre aportan a otras personas. Con veinte a\u00f1os de experiencia imag\u00ednate, podr\u00eda escribir un libro. Experiencias personales de todos los tipos y colores. Hay gente que lo lleva muy mal, muchas parejas se rompen porque.\u00a0<strong>Es una enfermedad que pone a prueba la familia, el amor, la sociedad y la pareja.<\/strong><\/p>\n<p><strong>P: Pasa consulta en Madrid y en Barcelona\u2026<\/strong><\/p>\n<p><strong>R:<\/strong> Lo llevo con bastante dignidad. De hecho las unidades empezaron en Barcelona pero ten\u00eda muchos enfermos de Madrid, de Andaluc\u00eda\u2026 Ahora mismo vivo entre dos ciudades, y por suerte el AVE ha mejorado mucho mi calidad de vida. Vengo cada semana y hay veces que dos por semana porque hago tambi\u00e9n de perito. Tengo un apartamento alquilado, una hija que estudia en Madrid y un hijo que estudia en Barcelona. Tengo literalmente una doble vida.<\/p>\n<p><strong>Informaci\u00f3n tomada de\u00a0<\/strong><a href=\"http:\/\/www.cuv3.com\/2016\/01\/21\/dra-garcia-quintana-buen-medico-no-puede-perder-la-humanidad\/\" target=\"_blank\">CUV\u00a0enero 21, 2016<\/a><\/p>\n","protected":false},"excerpt":{"rendered":"<p>Las enfermedades de sensibilizaci\u00f3n central engloban la Fibromialgia, el S\u00edndrome de Fatiga Cr\u00f3nica, el Sensibilidad Qu\u00edmica M\u00faltiple y la Electro sensibilidad. Todas ellas son patolog\u00edas de car\u00e1cter cr\u00f3nico, multisist\u00e9micas e incapacitantes para las que solamente existen tratamientos paliativos y que &hellip; <a href=\"http:\/\/www.divertimundo.es\/elrinconcito\/los-enfermos-con-el-sindrome-de-fatiga-cronica-no-son-marcianos\/\">Sigue leyendo <span class=\"meta-nav\">&rarr;<\/span><\/a><\/p>\n","protected":false},"author":1,"featured_media":400,"comment_status":"open","ping_status":"open","sticky":false,"template":"","format":"standard","meta":[],"categories":[101],"tags":[454,453,48,390,270,452],"_links":{"self":[{"href":"http:\/\/www.divertimundo.es\/elrinconcito\/wp-json\/wp\/v2\/posts\/399"}],"collection":[{"href":"http:\/\/www.divertimundo.es\/elrinconcito\/wp-json\/wp\/v2\/posts"}],"about":[{"href":"http:\/\/www.divertimundo.es\/elrinconcito\/wp-json\/wp\/v2\/types\/post"}],"author":[{"embeddable":true,"href":"http:\/\/www.divertimundo.es\/elrinconcito\/wp-json\/wp\/v2\/users\/1"}],"replies":[{"embeddable":true,"href":"http:\/\/www.divertimundo.es\/elrinconcito\/wp-json\/wp\/v2\/comments?post=399"}],"version-history":[{"count":1,"href":"http:\/\/www.divertimundo.es\/elrinconcito\/wp-json\/wp\/v2\/posts\/399\/revisions"}],"predecessor-version":[{"id":401,"href":"http:\/\/www.divertimundo.es\/elrinconcito\/wp-json\/wp\/v2\/posts\/399\/revisions\/401"}],"wp:featuredmedia":[{"embeddable":true,"href":"http:\/\/www.divertimundo.es\/elrinconcito\/wp-json\/wp\/v2\/media\/400"}],"wp:attachment":[{"href":"http:\/\/www.divertimundo.es\/elrinconcito\/wp-json\/wp\/v2\/media?parent=399"}],"wp:term":[{"taxonomy":"category","embeddable":true,"href":"http:\/\/www.divertimundo.es\/elrinconcito\/wp-json\/wp\/v2\/categories?post=399"},{"taxonomy":"post_tag","embeddable":true,"href":"http:\/\/www.divertimundo.es\/elrinconcito\/wp-json\/wp\/v2\/tags?post=399"}],"curies":[{"name":"wp","href":"https:\/\/api.w.org\/{rel}","templated":true}]}}