{"id":434,"date":"2016-03-23T10:00:37","date_gmt":"2016-03-23T09:00:37","guid":{"rendered":"http:\/\/www.divertimundo.es\/elrinconcito\/?p=434"},"modified":"2016-03-20T20:18:14","modified_gmt":"2016-03-20T19:18:14","slug":"mujer-con-epilepsia-y-fatiga-cronica-puede-trabajar-segun-tribunal-superior","status":"publish","type":"post","link":"http:\/\/www.divertimundo.es\/elrinconcito\/mujer-con-epilepsia-y-fatiga-cronica-puede-trabajar-segun-tribunal-superior\/","title":{"rendered":"Mujer con epilepsia y fatiga cr\u00f3nica puede trabajar, seg\u00fan Tribunal Superior"},"content":{"rendered":"<p>Una mujer que sufre, entre otras patolog\u00edas, <strong>epilepsia<\/strong> <strong>y fatiga cr\u00f3nica<\/strong> est\u00e1 en condiciones de trabajar, por lo que no tiene derecho a que le sea reconocida la situaci\u00f3n de <strong>incapacidad absoluta<\/strong> para toda actividad o de <strong>incapacidad permanente<\/strong>.<\/p>\n<p>As\u00ed lo dispone una sentencia dictada por la <strong>Sala de lo Social del Tribunal Superior de Justicia de la Regi\u00f3n de Murcia<\/strong> (TSJ), que ha confirmado otra de un Juzgado de lo Social que rechaz\u00f3 la demanda entablada por una <strong>gerente de 59 a\u00f1os<\/strong> de edad contra el Instituto Nacional de la Seguridad Social (INSS).<\/p>\n<p>La sentencia que ahora se ve ratificada declar\u00f3 que la demandante sufre epilepsia generalizada idiop\u00e1tica, con crisis, que comenz\u00f3 a padecer cuando ten\u00eda 21 a\u00f1os, y que puede ser controlada con el correspondiente tratamiento m\u00e9dico.<\/p>\n<p>Adem\u00e1s, sufre <strong>distimia, lumbalgia cr\u00f3nica, fibromialgia y s\u00edndrome de fatiga cr\u00f3nica<\/strong>, junto con <strong>hipotiroidismo<\/strong>.<\/p>\n<p>El TSJ, al desestimar el recurso que plante\u00f3 contra la sentencia del Juzgado que no aprob\u00f3 su demanda, se\u00f1ala que puestas sus lesiones y limitaciones funcionales en relaci\u00f3n con las tareas que son propias de un gerente en una asociaci\u00f3n de consumidores, \u00ab<strong>no cabe apreciar que exista impedimento para todas o las m\u00e1s relevantes actividades propias de tal categor\u00eda<\/strong>\u00ab.<\/p>\n<p>Y a\u00f1ade que ello es as\u00ed porque esas funciones suelen ser de <strong>car\u00e1cter sedentario<\/strong> y, por tanto, <strong>ajenas al esfuerzo f\u00edsico<\/strong>. EFE 1010611<\/p>\n","protected":false},"excerpt":{"rendered":"<p>Una mujer que sufre, entre otras patolog\u00edas, epilepsia y fatiga cr\u00f3nica est\u00e1 en condiciones de trabajar, por lo que no tiene derecho a que le sea reconocida la situaci\u00f3n de incapacidad absoluta para toda actividad o de incapacidad permanente. As\u00ed &hellip; <a href=\"http:\/\/www.divertimundo.es\/elrinconcito\/mujer-con-epilepsia-y-fatiga-cronica-puede-trabajar-segun-tribunal-superior\/\">Sigue leyendo <span class=\"meta-nav\">&rarr;<\/span><\/a><\/p>\n","protected":false},"author":1,"featured_media":0,"comment_status":"open","ping_status":"open","sticky":false,"template":"","format":"standard","meta":[],"categories":[101],"tags":[497,493,494,48,499,495,496,498,492],"_links":{"self":[{"href":"http:\/\/www.divertimundo.es\/elrinconcito\/wp-json\/wp\/v2\/posts\/434"}],"collection":[{"href":"http:\/\/www.divertimundo.es\/elrinconcito\/wp-json\/wp\/v2\/posts"}],"about":[{"href":"http:\/\/www.divertimundo.es\/elrinconcito\/wp-json\/wp\/v2\/types\/post"}],"author":[{"embeddable":true,"href":"http:\/\/www.divertimundo.es\/elrinconcito\/wp-json\/wp\/v2\/users\/1"}],"replies":[{"embeddable":true,"href":"http:\/\/www.divertimundo.es\/elrinconcito\/wp-json\/wp\/v2\/comments?post=434"}],"version-history":[{"count":1,"href":"http:\/\/www.divertimundo.es\/elrinconcito\/wp-json\/wp\/v2\/posts\/434\/revisions"}],"predecessor-version":[{"id":435,"href":"http:\/\/www.divertimundo.es\/elrinconcito\/wp-json\/wp\/v2\/posts\/434\/revisions\/435"}],"wp:attachment":[{"href":"http:\/\/www.divertimundo.es\/elrinconcito\/wp-json\/wp\/v2\/media?parent=434"}],"wp:term":[{"taxonomy":"category","embeddable":true,"href":"http:\/\/www.divertimundo.es\/elrinconcito\/wp-json\/wp\/v2\/categories?post=434"},{"taxonomy":"post_tag","embeddable":true,"href":"http:\/\/www.divertimundo.es\/elrinconcito\/wp-json\/wp\/v2\/tags?post=434"}],"curies":[{"name":"wp","href":"https:\/\/api.w.org\/{rel}","templated":true}]}}